{"id":3387,"date":"2024-04-23T12:15:34","date_gmt":"2024-04-23T18:15:34","guid":{"rendered":"https:\/\/www.dgalegal.com\/?p=3387"},"modified":"2024-04-23T12:15:35","modified_gmt":"2024-04-23T18:15:35","slug":"noticia-juridica-no-196","status":"publish","type":"post","link":"https:\/\/www.dgalegal.com\/en\/noticia-juridica-no-196\/","title":{"rendered":"NOTICIA JUR\u00cdDICA No. 196"},"content":{"rendered":"<p><strong>POSESI\u00d3N DEL SUPERINTENDENTE DE PROTECCI\u00d3N DE DATOS PERSONALES<\/strong><\/p>\n\n\n\n<p>El d\u00eda de hoy, la Asamblea Nacional en la Sesi\u00f3n No. 918 del Pleno, posesion\u00f3 al primer Superintendente de Protecci\u00f3n de Datos en Ecuador.\u00a0<\/p>\n\n\n\n<figure class=\"wp-block-image size-full is-resized\"><img fetchpriority=\"high\" decoding=\"async\" width=\"510\" height=\"598\" src=\"https:\/\/www.dgalegal.com\/wp-content\/uploads\/2024\/04\/Captura-de-pantalla-2024-04-23-a-las-13.14.17.png\" alt=\"\" class=\"wp-image-3388\" style=\"width:194px;height:auto\" srcset=\"https:\/\/www.dgalegal.com\/wp-content\/uploads\/2024\/04\/Captura-de-pantalla-2024-04-23-a-las-13.14.17.png 510w, https:\/\/www.dgalegal.com\/wp-content\/uploads\/2024\/04\/Captura-de-pantalla-2024-04-23-a-las-13.14.17-256x300.png 256w, https:\/\/www.dgalegal.com\/wp-content\/uploads\/2024\/04\/Captura-de-pantalla-2024-04-23-a-las-13.14.17-10x12.png 10w\" sizes=\"(max-width: 510px) 100vw, 510px\" \/><\/figure>\n\n\n\n<p>Fabrizio Roberto Peralta D\u00edaz, es doctor en Derecho; m\u00e1ster en Estudios Estrat\u00e9gicos y Seguridad Internacional; ha cursado programas de posgrado en Liderazgo para la Transformaci\u00f3n, Gobernanza, Liderazgo Pol\u00edtico y Derecho Digital. Adem\u00e1s, es catedr\u00e1tico universitario.<\/p>\n\n\n\n<p>El Plan de Trabajo de Peralta, resalta algunos temas importantes en la protecci\u00f3n de datos personales en Ecuador, tales como:<\/p>\n\n\n\n<ol class=\"wp-block-list\">\n<li>Educaci\u00f3n sobre los derechos de protecci\u00f3n de datos.<\/li>\n\n\n\n<li>Mejorar y promover las relaciones interinstitucionales para alcanzar medidas de seguridad administrativas, jur\u00eddicas y t\u00e9cnicas.\u00a0<\/li>\n\n\n\n<li>Impulsar la prevenci\u00f3n, protecci\u00f3n y transparencia como principios fundamentales.<\/li>\n\n\n\n<li>La privacidad como pilar fundamental en el tratamiento de datos personales.<\/li>\n<\/ol>\n\n\n\n<p>Cont\u00e1ctanos para m\u00e1s informaci\u00f3n.<\/p>\n\n\n\n<p><strong>DURINI &amp; GUERRERO ABOGADOS<\/strong><\/p>","protected":false},"excerpt":{"rendered":"<p>POSESI\u00d3N DEL SUPERINTENDENTE DE PROTECCI\u00d3N DE DATOS PERSONALES El d\u00eda de hoy, la Asamblea Nacional en la Sesi\u00f3n No. 918 del Pleno, posesion\u00f3 al primer Superintendente de Protecci\u00f3n de Datos en Ecuador.\u00a0 Fabrizio Roberto Peralta D\u00edaz, es doctor en Derecho; m\u00e1ster en Estudios Estrat\u00e9gicos y Seguridad Internacional; ha cursado programas de posgrado en Liderazgo para &hellip; <\/p>\n<p class=\"link-more\"><a href=\"https:\/\/www.dgalegal.com\/en\/noticia-juridica-no-196\/\" class=\"more-link\">Continue reading<span class=\"screen-reader-text\"> \u00abNOTICIA JUR\u00cdDICA No. 196\u00bb<\/span><\/a><\/p>","protected":false},"author":1,"featured_media":1894,"comment_status":"open","ping_status":"open","sticky":false,"template":"","format":"standard","meta":{"footnotes":""},"categories":[9],"tags":[],"class_list":["post-3387","post","type-post","status-publish","format-standard","has-post-thumbnail","hentry","category-propiedad-intelectual","entry"],"_links":{"self":[{"href":"https:\/\/www.dgalegal.com\/en\/wp-json\/wp\/v2\/posts\/3387","targetHints":{"allow":["GET"]}}],"collection":[{"href":"https:\/\/www.dgalegal.com\/en\/wp-json\/wp\/v2\/posts"}],"about":[{"href":"https:\/\/www.dgalegal.com\/en\/wp-json\/wp\/v2\/types\/post"}],"author":[{"embeddable":true,"href":"https:\/\/www.dgalegal.com\/en\/wp-json\/wp\/v2\/users\/1"}],"replies":[{"embeddable":true,"href":"https:\/\/www.dgalegal.com\/en\/wp-json\/wp\/v2\/comments?post=3387"}],"version-history":[{"count":1,"href":"https:\/\/www.dgalegal.com\/en\/wp-json\/wp\/v2\/posts\/3387\/revisions"}],"predecessor-version":[{"id":3389,"href":"https:\/\/www.dgalegal.com\/en\/wp-json\/wp\/v2\/posts\/3387\/revisions\/3389"}],"wp:featuredmedia":[{"embeddable":true,"href":"https:\/\/www.dgalegal.com\/en\/wp-json\/wp\/v2\/media\/1894"}],"wp:attachment":[{"href":"https:\/\/www.dgalegal.com\/en\/wp-json\/wp\/v2\/media?parent=3387"}],"wp:term":[{"taxonomy":"category","embeddable":true,"href":"https:\/\/www.dgalegal.com\/en\/wp-json\/wp\/v2\/categories?post=3387"},{"taxonomy":"post_tag","embeddable":true,"href":"https:\/\/www.dgalegal.com\/en\/wp-json\/wp\/v2\/tags?post=3387"}],"curies":[{"name":"wp","href":"https:\/\/api.w.org\/{rel}","templated":true}]}}