{"id":3385,"date":"2024-04-01T22:10:49","date_gmt":"2024-04-02T04:10:49","guid":{"rendered":"https:\/\/www.dgalegal.com\/?p=3385"},"modified":"2024-04-01T22:10:50","modified_gmt":"2024-04-02T04:10:50","slug":"noticia-juridica-no-195","status":"publish","type":"post","link":"https:\/\/www.dgalegal.com\/en\/noticia-juridica-no-195\/","title":{"rendered":"NOTICIA JUR\u00cdDICA No. 195"},"content":{"rendered":"<p><strong>DESIGNACI\u00d3N DE SUPERINTENDENTE DE PROTECCI\u00d3N DE DATOS PERSONALES<\/strong><\/p>\n\n\n\n<p>El proceso de selecci\u00f3n y nombramiento del nuevo Superintendente de Protecci\u00f3n de Datos Personales en Ecuador se inici\u00f3 con el env\u00edo de una terna por parte del presidente de la Rep\u00fablica, Daniel Noboa, en enero de este a\u00f1o. Tras un riguroso proceso, se ha culminado con el nombramiento de Fabrizio Peralta D\u00edaz como la primera autoridad de esta nueva entidad p\u00fablica.<\/p>\n\n\n\n<p>Peralta D\u00edaz, un destacado profesional del Derecho, cuenta con una amplia experiencia en \u00e1reas como el derecho inform\u00e1tico, protecci\u00f3n de datos personales, derecho laboral y de sociedades. Su trayectoria incluye haber formado parte de la Secretar\u00eda Jur\u00eddica de la Presidencia de la Rep\u00fablica durante el gobierno de Alfredo Palacio, desempe\u00f1\u00e1ndose como asesor.<\/p>\n\n\n\n<p>La designaci\u00f3n de Peralta D\u00edaz como Superintendente de Protecci\u00f3n de Datos Personales representa un paso significativo en el fortalecimiento de la protecci\u00f3n de la informaci\u00f3n personal en Ecuador. Con su experiencia y conocimientos especializados, se espera que lidere con eficacia las funciones de vigilancia y control, promoci\u00f3n y educaci\u00f3n, as\u00ed como la resoluci\u00f3n de conflictos en el \u00e1mbito administrativo, contribuyendo a garantizar el cumplimiento de la normativa vigente y la protecci\u00f3n de los derechos de los ciudadanos en cuanto a sus datos personales.En Durini &amp; Guerrero Abogados, ponemos a disposici\u00f3n nuestro equipo de expertos altamente capacitados para atender las necesidades y requerimientos en materia de protecci\u00f3n de datos personales de empresas de diversos sectores. Nos comprometemos a garantizar el cumplimiento de la normativa vigente en esta \u00e1rea, lo cual adquiere una importancia a\u00fan mayor y requerir\u00e1 un desarrollo espec\u00edfico a ra\u00edz del nombramiento de la nueva autoridad en protecci\u00f3n de datos personales. Estamos preparados para asesorar y acompa\u00f1ar a las empresas en el cumplimiento de sus obligaciones legales en materia de privacidad y protecci\u00f3n de datos.<\/p>\n\n\n\n<p><strong>DURINI &amp; GUERRERO ABOGADOS<\/strong><\/p>","protected":false},"excerpt":{"rendered":"<p>DESIGNACI\u00d3N DE SUPERINTENDENTE DE PROTECCI\u00d3N DE DATOS PERSONALES El proceso de selecci\u00f3n y nombramiento del nuevo Superintendente de Protecci\u00f3n de Datos Personales en Ecuador se inici\u00f3 con el env\u00edo de una terna por parte del presidente de la Rep\u00fablica, Daniel Noboa, en enero de este a\u00f1o. Tras un riguroso proceso, se ha culminado con el &hellip; <\/p>\n<p class=\"link-more\"><a href=\"https:\/\/www.dgalegal.com\/en\/noticia-juridica-no-195\/\" class=\"more-link\">Continue reading<span class=\"screen-reader-text\"> \u00abNOTICIA JUR\u00cdDICA No. 195\u00bb<\/span><\/a><\/p>","protected":false},"author":1,"featured_media":1894,"comment_status":"open","ping_status":"open","sticky":false,"template":"","format":"standard","meta":{"footnotes":""},"categories":[9],"tags":[],"class_list":["post-3385","post","type-post","status-publish","format-standard","has-post-thumbnail","hentry","category-propiedad-intelectual","entry"],"_links":{"self":[{"href":"https:\/\/www.dgalegal.com\/en\/wp-json\/wp\/v2\/posts\/3385","targetHints":{"allow":["GET"]}}],"collection":[{"href":"https:\/\/www.dgalegal.com\/en\/wp-json\/wp\/v2\/posts"}],"about":[{"href":"https:\/\/www.dgalegal.com\/en\/wp-json\/wp\/v2\/types\/post"}],"author":[{"embeddable":true,"href":"https:\/\/www.dgalegal.com\/en\/wp-json\/wp\/v2\/users\/1"}],"replies":[{"embeddable":true,"href":"https:\/\/www.dgalegal.com\/en\/wp-json\/wp\/v2\/comments?post=3385"}],"version-history":[{"count":1,"href":"https:\/\/www.dgalegal.com\/en\/wp-json\/wp\/v2\/posts\/3385\/revisions"}],"predecessor-version":[{"id":3386,"href":"https:\/\/www.dgalegal.com\/en\/wp-json\/wp\/v2\/posts\/3385\/revisions\/3386"}],"wp:featuredmedia":[{"embeddable":true,"href":"https:\/\/www.dgalegal.com\/en\/wp-json\/wp\/v2\/media\/1894"}],"wp:attachment":[{"href":"https:\/\/www.dgalegal.com\/en\/wp-json\/wp\/v2\/media?parent=3385"}],"wp:term":[{"taxonomy":"category","embeddable":true,"href":"https:\/\/www.dgalegal.com\/en\/wp-json\/wp\/v2\/categories?post=3385"},{"taxonomy":"post_tag","embeddable":true,"href":"https:\/\/www.dgalegal.com\/en\/wp-json\/wp\/v2\/tags?post=3385"}],"curies":[{"name":"wp","href":"https:\/\/api.w.org\/{rel}","templated":true}]}}