{"id":2566,"date":"2022-07-01T21:07:58","date_gmt":"2022-07-01T21:07:58","guid":{"rendered":"https:\/\/dgalegal.com\/?p=1251"},"modified":"2023-04-27T10:34:54","modified_gmt":"2023-04-27T16:34:54","slug":"noticia-juridica-no-158","status":"publish","type":"post","link":"https:\/\/www.dgalegal.com\/en\/noticia-juridica-no-158\/","title":{"rendered":"NOTICIA JUR\u00cdDICA No. 158"},"content":{"rendered":"<h6><strong>BOLET\u00cdN JUR\u00cdDICO<\/strong><\/h6>\n<p>&nbsp;<\/p>\n<p style=\"font-weight: 400; text-align: center;\"><b><span lang=\"ES-EC\">ACTA POR LA PAZ<\/span><\/b><\/p>\n<p>El 30 de junio de 2022, el Ministro de Gobierno, Francisco Jim\u00e9nez S\u00e1nchez, suscribi\u00f3 un instrumento denominado \u201cActa Por la Paz\u201d, junto con los representantes de la CONAIE, FEINE y FENOCIN.<\/p>\n<p>El documento recoge la voluntad de las partes de llegar a un acuerdo que permita restablecer la convivencia pac\u00edfica y el orden p\u00fablico, mediante la implementaci\u00f3n de varias medidas, en el marco del paro nacional impulsado por las organizaciones previamente indicadas.<\/p>\n<ol>\n<li><strong>Obligaciones del Estado<\/strong><\/li>\n<\/ol>\n<p>El acuerdo recoge las siguientes obligaciones del Estado:<\/p>\n<p>a) Derogar el Decreto Ejecutivo No. 95, el cual regula la Pol\u00edtica de Hidrocarburos, a trav\u00e9s del Plan de Acci\u00f3n Inmediato para el desarrollo del sector Hidrocarbur\u00edfero para los pr\u00f3ximos cien d\u00edas a partir de la expedici\u00f3n del Decreto.<\/p>\n<p>b) Reformar el Decreto Ejecutivo No. 151, el cual regula el Plan de Acci\u00f3n para el Sector Minero del Ecuador. La reforma deber\u00e1 establecer que las actividades mineras no podr\u00e1n desarrollarse en los siguientes espacios geogr\u00e1ficos:<\/p>\n<ol>\n<li>\u00c1reas protegidas y territorios ancestrales, de conformidad con el art\u00edculo 407 de la Constituci\u00f3n.<\/li>\n<li>Zonas declaradas como intangibles<\/li>\n<li>Zonas arqueol\u00f3gicas<\/li>\n<li>\u00c1reas de protecci\u00f3n h\u00eddrica.<\/li>\n<\/ol>\n<p>La reforma deber\u00e1 garantizar la consulta previa a las comunidades, pueblos y nacionalidades ind\u00edgenas.<\/p>\n<p>c) Elaborar un proyecto de Ley Reformatoria al art\u00edculo 66 de la Ley Org\u00e1nica para la Planificaci\u00f3n Integral de la Circunscripci\u00f3n Territorial Especial Amaz\u00f3nica, el cual regula la priorizaci\u00f3n del Fondo Com\u00fan para la Circunscripci\u00f3n Territorial Amaz\u00f3nica.<\/p>\n<p>d) Reducir el valor del combustible di\u00e9sel en 5 centavos adici\u00f3nales por gal\u00f3n, implicando esto una reducci\u00f3n total de 15 centavos por gal\u00f3n.<\/p>\n<p>e) Reducir el valor del combustible extra en 5 centavos adicionales por gal\u00f3n, implicando esto una reducci\u00f3n total de 15 centavos por gal\u00f3n.<\/p>\n<p>f) Derogar el estado de excepci\u00f3n focalizado, en la medida en que se restablezca el orden p\u00fablico.<\/p>\n<ol start=\"2\">\n<li><strong>Obligaciones de las organizaciones sociales<\/strong><\/li>\n<\/ol>\n<p>El acuerdo recoge las siguientes obligaciones para los representantes de la CONAIE, FEINE y FENOCIN:<\/p>\n<ol>\n<li>Declarar el cese de las movilizaciones a nivel nacional y el retorno paulatino a los territorios, as\u00ed como la suspensi\u00f3n de todo acto que pudiera afectar la paz y el orden p\u00fablico.<\/li>\n<\/ol>\n<p>Ambas partes acuerdan instalar una mesa de di\u00e1logo con la presencia de los garantes, con el fin de dar seguimiento a los acuerdos alcanzados y a la resoluci\u00f3n de los temas inicialmente expuestos por las organizaciones, la cual tendr\u00e1 una duraci\u00f3n de 90 d\u00edas.<\/p>","protected":false},"excerpt":{"rendered":"<p>BOLET\u00cdN JUR\u00cdDICO &nbsp; ACTA POR LA PAZ El 30 de junio de 2022, el Ministro de Gobierno, Francisco Jim\u00e9nez S\u00e1nchez, suscribi\u00f3 un instrumento denominado \u201cActa Por la Paz\u201d, junto con los representantes de la CONAIE, FEINE y FENOCIN. El documento recoge la voluntad de las partes de llegar a un acuerdo que permita restablecer la &hellip; <\/p>\n<p class=\"link-more\"><a href=\"https:\/\/www.dgalegal.com\/en\/noticia-juridica-no-158\/\" class=\"more-link\">Continue reading<span class=\"screen-reader-text\"> \u00abNOTICIA JUR\u00cdDICA No. 158\u00bb<\/span><\/a><\/p>","protected":false},"author":1,"featured_media":1920,"comment_status":"open","ping_status":"open","sticky":false,"template":"","format":"standard","meta":{"footnotes":""},"categories":[12],"tags":[],"class_list":["post-2566","post","type-post","status-publish","format-standard","has-post-thumbnail","hentry","category-tributario-y-planificacion-fiscal","entry"],"_links":{"self":[{"href":"https:\/\/www.dgalegal.com\/en\/wp-json\/wp\/v2\/posts\/2566","targetHints":{"allow":["GET"]}}],"collection":[{"href":"https:\/\/www.dgalegal.com\/en\/wp-json\/wp\/v2\/posts"}],"about":[{"href":"https:\/\/www.dgalegal.com\/en\/wp-json\/wp\/v2\/types\/post"}],"author":[{"embeddable":true,"href":"https:\/\/www.dgalegal.com\/en\/wp-json\/wp\/v2\/users\/1"}],"replies":[{"embeddable":true,"href":"https:\/\/www.dgalegal.com\/en\/wp-json\/wp\/v2\/comments?post=2566"}],"version-history":[{"count":1,"href":"https:\/\/www.dgalegal.com\/en\/wp-json\/wp\/v2\/posts\/2566\/revisions"}],"predecessor-version":[{"id":2749,"href":"https:\/\/www.dgalegal.com\/en\/wp-json\/wp\/v2\/posts\/2566\/revisions\/2749"}],"wp:featuredmedia":[{"embeddable":true,"href":"https:\/\/www.dgalegal.com\/en\/wp-json\/wp\/v2\/media\/1920"}],"wp:attachment":[{"href":"https:\/\/www.dgalegal.com\/en\/wp-json\/wp\/v2\/media?parent=2566"}],"wp:term":[{"taxonomy":"category","embeddable":true,"href":"https:\/\/www.dgalegal.com\/en\/wp-json\/wp\/v2\/categories?post=2566"},{"taxonomy":"post_tag","embeddable":true,"href":"https:\/\/www.dgalegal.com\/en\/wp-json\/wp\/v2\/tags?post=2566"}],"curies":[{"name":"wp","href":"https:\/\/api.w.org\/{rel}","templated":true}]}}