{"id":2524,"date":"2021-02-04T15:39:33","date_gmt":"2021-02-04T21:39:33","guid":{"rendered":"http:\/\/durini-guerrero.local\/?p=794"},"modified":"2023-05-02T11:45:14","modified_gmt":"2023-05-02T17:45:14","slug":"noticia-juridica-no-110","status":"publish","type":"post","link":"https:\/\/www.dgalegal.com\/en\/noticia-juridica-no-110\/","title":{"rendered":"NOTICIA JUR\u00cdDICA No. 110"},"content":{"rendered":"<h6>El 26 de abril de 2020, el COE Nacional, emiti\u00f3 los criterios para el cambio de la fase del aislamiento al distanciamiento y estableci\u00f3 lo siguiente:<\/h6>\n<h6><strong>\u00bfCU\u00c1LES SON LAS NORMAS OBLIGATORIAS A NIVEL NACIONAL?<\/strong><\/h6>\n<ol>\n<li>\n<h6>Se mantiene aislamiento obligatorio mayores de 60 an\u0303os y personas cuya condicio\u0301n me\u0301dica los ponga en situacio\u0301n de vulnerabilidad frente al COVID19.<\/h6>\n<\/li>\n<li>\n<h6>Se mantiene el uso obligatorio de mascarillas \/ cubrebocas.<\/h6>\n<\/li>\n<li>\n<h6>Respeto irrestricto a los salvoconductos nacionales.<\/h6>\n<\/li>\n<li>\n<h6>Se mantiene prohibicio\u0301n de eventos pu\u0301blicos, eventos masivos y deportivos al aire libre.<\/h6>\n<\/li>\n<li>\n<h6>Locales en funcionamiento (a\u0301reas esenciales): 50% aforo (alimentos, medicinas y bancos).<\/h6>\n<\/li>\n<li>\n<h6>Se mantiene la suspensio\u0301n de clases presenciales (Sierra y Amazoni\u0301a).<\/h6>\n<\/li>\n<li>\n<h6>Se mantiene la suspensio\u0301n de inicio de clases (Costa y Gala\u0301pagos).<\/h6>\n<\/li>\n<li>\n<h6>Se mantiene la prohibicio\u0301n de transporte interprovincial de pasajeros.<\/h6>\n<\/li>\n<li>\n<h6>Se mantienen cerradas las fronteras terrestres y ae\u0301reas (u\u0301nicamente se permiten vuelos de retorno de nacionales y vuelos humanitarios previstos en los protocolos). Se mantiene la obligacio\u0301n de cumplir con el APO de conformidad con los protocolos.<\/h6>\n<\/li>\n<li>\n<h6>Se autoriza transporte interprovincial de encomiendas.<\/h6>\n<\/li>\n<li>\n<h6>Todos los establecimientos e industrias deben preparar protocolos de salud y prevencio\u0301n ante COVID.<\/h6>\n<\/li>\n<\/ol>\n<h6><strong>\u00bfQU\u00c9 RESTRICCIONES TIENE CADA COLOR DEL SEM\u00c1FORO?<\/strong><\/h6>\n<table style=\"height: 1514px;\" width=\"802\">\n<tbody>\n<tr>\n<td width=\"156\">\n<h6><strong>ASPECTO<\/strong><\/h6>\n<\/td>\n<td width=\"156\">\n<h6><strong>ROJO<\/strong><\/h6>\n<\/td>\n<td width=\"156\">\n<h6><strong>AMARILLO<\/strong><\/h6>\n<\/td>\n<td width=\"156\">\n<h6><strong>VERDE<\/strong><\/h6>\n<\/td>\n<\/tr>\n<tr>\n<td width=\"156\">\n<h6>Respetar normas obligatorias a nivel nacional<\/h6>\n<\/td>\n<td width=\"156\">\n<h6>S\u00ed<\/h6>\n<\/td>\n<td width=\"156\">\n<h6>S\u00ed<\/h6>\n<\/td>\n<td width=\"156\">\n<h6>S\u00ed<\/h6>\n<\/td>\n<\/tr>\n<tr>\n<td width=\"156\">\n<h6>Trabajo en instituciones p\u00fablicas (deciden el momento de retomar actividades)<\/h6>\n<\/td>\n<td width=\"156\">\n<h6>Plan piloto- proyectos aprobados por el COE<\/h6>\n<\/td>\n<td width=\"156\">\n<h6>50% del personal a la vez<\/h6>\n<\/td>\n<td width=\"156\">\n<h6>60% del personal a la vez<\/h6>\n<\/td>\n<\/tr>\n<tr>\n<td width=\"156\">\n<h6>Trabajo en empresas privada (deciden el momento de retomar actividades)<\/h6>\n<\/td>\n<td width=\"156\">\n<h6>Plan piloto- proyectos aprobados por el COE<\/h6>\n<\/td>\n<td width=\"156\">\n<h6>50% del personal a la vez<\/h6>\n<\/td>\n<td width=\"156\">\n<h6>60% del personal a la vez<\/h6>\n<\/td>\n<\/tr>\n<tr>\n<td width=\"156\">\n<h6>Circulaci\u00f3n vehicular<\/h6>\n<\/td>\n<td width=\"156\">\n<h6>1 d\u00eda por semana seg\u00fan la placa<\/h6>\n<\/td>\n<td width=\"156\">\n<h6>2 d\u00edas por semana seg\u00fan la placa<\/h6>\n<\/td>\n<td width=\"156\">\n<h6>Seg\u00fan placa par e impar<\/h6>\n<\/td>\n<\/tr>\n<tr>\n<td width=\"156\">\n<h6>Toque de queda<\/h6>\n<\/td>\n<td width=\"156\">\n<h6>14h00 a 05h00<\/h6>\n<\/td>\n<td width=\"156\">\n<h6>18h00 a 05h00<\/h6>\n<\/td>\n<td width=\"156\">\n<h6>21h00 a 05h00<\/h6>\n<\/td>\n<\/tr>\n<tr>\n<td width=\"156\">\n<h6>Consulta externa de todas las especialidades m\u00e9dicas<\/h6>\n<\/td>\n<td width=\"156\">\n<h6>No<\/h6>\n<\/td>\n<td width=\"156\">\n<h6>S\u00ed<\/h6>\n<\/td>\n<td width=\"156\">\n<h6>S\u00ed<\/h6>\n<\/td>\n<\/tr>\n<tr>\n<td width=\"156\">\n<h6>Consulta externa de las profesiones liberales<\/h6>\n<\/td>\n<td width=\"156\">\n<h6>No<\/h6>\n<\/td>\n<td width=\"156\">\n<h6>No<\/h6>\n<\/td>\n<td width=\"156\">\n<h6>S\u00ed<\/h6>\n<\/td>\n<\/tr>\n<tr>\n<td width=\"156\">\n<h6>Funcionamiento de comercios<\/h6>\n<\/td>\n<td width=\"156\">\n<h6>No<\/h6>\n<\/td>\n<td width=\"156\">\n<h6>Aforo m\u00e1ximo 30%<\/h6>\n<\/td>\n<td width=\"156\">\n<h6>Aforo m\u00e1ximo 50%<\/h6>\n<\/td>\n<\/tr>\n<tr>\n<td width=\"156\">\n<h6>Transporte urbano, interparroquial e intercantonal<\/h6>\n<\/td>\n<td width=\"156\">\n<h6>No<\/h6>\n<\/td>\n<td width=\"156\">\n<h6>Ocupaci\u00f3n por unidad 30%<\/h6>\n<\/td>\n<td width=\"156\">\n<h6>Ocupaci\u00f3n por unidad 50%<\/h6>\n<\/td>\n<\/tr>\n<tr>\n<td width=\"156\">\n<h6>Transporte intercantonal<\/h6>\n<\/td>\n<td width=\"156\">\n<h6>No<\/h6>\n<\/td>\n<td width=\"156\">\n<h6>No<\/h6>\n<\/td>\n<td width=\"156\">\n<h6>Ocupaci\u00f3n por unidad 50%<\/h6>\n<\/td>\n<\/tr>\n<tr>\n<td width=\"156\">\n<h6>Contar con protocolos y mecanismos de supervisi\u00f3n de s\u00edntomas para sus empleados y\/o clientes<\/h6>\n<\/td>\n<td width=\"156\">\n<h6>No<\/h6>\n<\/td>\n<td width=\"156\">\n<h6>S\u00ed<\/h6>\n<\/td>\n<td width=\"156\">\n<h6>S\u00cd<\/h6>\n<\/td>\n<\/tr>\n<tr>\n<td width=\"156\">\n<h6>Autorizaci\u00f3n de actividades comerciales mediante pedidos por v\u00eda telef\u00f3nica o en l\u00ednea y entregas a domicilio<\/h6>\n<\/td>\n<td width=\"156\">\n<h6>S\u00ed<\/h6>\n<\/td>\n<td width=\"156\">\n<h6>S\u00ed<\/h6>\n<\/td>\n<td width=\"156\">\n<h6>S\u00ed<\/h6>\n<\/td>\n<\/tr>\n<tr>\n<td width=\"156\">\n<h6>Horario de entrega a domicilio de productos<\/h6>\n<\/td>\n<td width=\"156\">\n<h6>07h00 a 22h00<\/h6>\n<\/td>\n<td width=\"156\">\n<h6>07h00 a 22h00<\/h6>\n<\/td>\n<td width=\"156\">\n<h6>07h00 a 22h00<\/h6>\n<\/td>\n<\/tr>\n<tr>\n<td width=\"156\">\n<h6>Circulaci\u00f3n de taxis<\/h6>\n<\/td>\n<td width=\"156\">\n<h6>05h00 a 22h00<\/h6>\n<\/td>\n<td width=\"156\">\n<h6>05h00 a 22h00<\/h6>\n<\/td>\n<td width=\"156\">\n<h6>05h00 a 22h00<\/h6>\n<h6><\/h6>\n<\/td>\n<\/tr>\n<\/tbody>\n<\/table>\n<h6><strong>\u00bfC\u00d3MO OPERAR\u00c1 EL CAMBIO DE COLOR DE SEM\u00c1FORO POR CANTONES A PARTIR DEL 4 DE MAYO?<\/strong><\/h6>\n<ol>\n<li>\n<h6><strong>Cada COE Cantonal resolver\u00e1 si el 4 de mayo inicia su sem\u00e1foro en ROJO, AMARILLO o VERDE.&nbsp;<\/strong>Esta decisi\u00f3n debe ser informada al COE Nacional y Provincial con 48 horas de anticipaci\u00f3n.<\/h6>\n<\/li>\n<li>\n<h6>Los COE Cantonales podr\u00e1n,&nbsp;<strong><u>en cualquier momento<\/u><\/strong>, en funci\u00f3n de la evoluci\u00f3n de contagios y saturaci\u00f3n del sistema de salud,&nbsp;<strong><u>cambiar de color del sem\u00e1foro<\/u><\/strong>. Previo hacerlo, deber\u00e1n notificar con 48 horas de antelaci\u00f3n al COE Nacional y Provincial.<\/h6>\n<\/li>\n<li>\n<h6>El COE Nacional publicara\u0301 los protocolos recomendados para diferentes actividades y, en conjunto con los COEs Provinciales, proporcionar\u00e1 informaci\u00f3n constante a los COEs Cantonales para que adopten las decisiones pertinentes.<\/h6>\n<\/li>\n<li>\n<h6>Las medidas que adopte cada COE Cantonal deber\u00e1n ser informadas y coordinadas con el COE Provincial respectivo.<\/h6>\n<\/li>\n<li>\n<h6>Las medidas implementadas ser\u00e1n evaluadas permanentemente por el COE Nacional en base a los indicadores y criterios establecidos.<\/h6>\n<\/li>\n<li>\n<h6>Los municipios<strong>&nbsp;no podr\u00e1n adoptar medidas distintas a las correspondientes a cada color para mantener uniformidad nacional y hacer posible el control de Polic\u00eda Nacional y Fuerzas Armadas en respaldo de la decisi\u00f3n de cada cant\u00f3n.&nbsp;<\/strong><\/h6>\n<\/li>\n<\/ol>\n<h6><strong>Advertencia<\/strong>:&nbsp;Este bolet\u00edn, no es ni podr\u00e1 ser utilizado como asesor\u00eda u opini\u00f3n legal, puesto que su contenido es estrictamente informativo.<\/h6>","protected":false},"excerpt":{"rendered":"<p>El 26 de abril de 2020, el COE Nacional, emiti\u00f3 los criterios para el cambio de la fase del aislamiento al distanciamiento y estableci\u00f3 lo siguiente: \u00bfCU\u00c1LES SON LAS NORMAS OBLIGATORIAS A NIVEL NACIONAL? Se mantiene aislamiento obligatorio mayores de 60 an\u0303os y personas cuya condicio\u0301n me\u0301dica los ponga en situacio\u0301n de vulnerabilidad frente al &hellip; <\/p>\n<p class=\"link-more\"><a href=\"https:\/\/www.dgalegal.com\/en\/noticia-juridica-no-110\/\" class=\"more-link\">Continue reading<span class=\"screen-reader-text\"> \u00abNOTICIA JUR\u00cdDICA No. 110\u00bb<\/span><\/a><\/p>","protected":false},"author":1,"featured_media":1293,"comment_status":"open","ping_status":"open","sticky":false,"template":"","format":"standard","meta":{"footnotes":""},"categories":[9],"tags":[],"class_list":["post-2524","post","type-post","status-publish","format-standard","has-post-thumbnail","hentry","category-propiedad-intelectual","entry"],"_links":{"self":[{"href":"https:\/\/www.dgalegal.com\/en\/wp-json\/wp\/v2\/posts\/2524","targetHints":{"allow":["GET"]}}],"collection":[{"href":"https:\/\/www.dgalegal.com\/en\/wp-json\/wp\/v2\/posts"}],"about":[{"href":"https:\/\/www.dgalegal.com\/en\/wp-json\/wp\/v2\/types\/post"}],"author":[{"embeddable":true,"href":"https:\/\/www.dgalegal.com\/en\/wp-json\/wp\/v2\/users\/1"}],"replies":[{"embeddable":true,"href":"https:\/\/www.dgalegal.com\/en\/wp-json\/wp\/v2\/comments?post=2524"}],"version-history":[{"count":1,"href":"https:\/\/www.dgalegal.com\/en\/wp-json\/wp\/v2\/posts\/2524\/revisions"}],"predecessor-version":[{"id":2796,"href":"https:\/\/www.dgalegal.com\/en\/wp-json\/wp\/v2\/posts\/2524\/revisions\/2796"}],"wp:featuredmedia":[{"embeddable":true,"href":"https:\/\/www.dgalegal.com\/en\/wp-json\/wp\/v2\/media\/1293"}],"wp:attachment":[{"href":"https:\/\/www.dgalegal.com\/en\/wp-json\/wp\/v2\/media?parent=2524"}],"wp:term":[{"taxonomy":"category","embeddable":true,"href":"https:\/\/www.dgalegal.com\/en\/wp-json\/wp\/v2\/categories?post=2524"},{"taxonomy":"post_tag","embeddable":true,"href":"https:\/\/www.dgalegal.com\/en\/wp-json\/wp\/v2\/tags?post=2524"}],"curies":[{"name":"wp","href":"https:\/\/api.w.org\/{rel}","templated":true}]}}