{"id":2518,"date":"2021-02-04T15:03:27","date_gmt":"2021-02-04T21:03:27","guid":{"rendered":"http:\/\/durini-guerrero.local\/?p=778"},"modified":"2023-05-02T11:44:19","modified_gmt":"2023-05-02T17:44:19","slug":"noticia-juridica-no-103","status":"publish","type":"post","link":"https:\/\/www.dgalegal.com\/en\/noticia-juridica-no-103\/","title":{"rendered":"NOTICIA JUR\u00cdDICA No. 103"},"content":{"rendered":"<h6>Informamos a nuestros distinguidos clientes y amigos que el d\u00eda 25 de marzo de 2020, el&nbsp;<strong>Consejo Directivo del Instituto Ecuatoriano de Seguridad Social (IESS)<\/strong>, resolvi\u00f3 lo siguiente:<\/h6>\n<ol>\n<li>\n<h6>Suspender los plazos y t\u00e9rminos de todos los procedimientos administrativos, incluyendo los procedimientos coactivos del IESS.<\/h6>\n<\/li>\n<li>\n<h6>Detener el inicio de nuevos procedimientos administrativos.<\/h6>\n<\/li>\n<li>\n<h6>Suspender sus plazos de prescripci\u00f3n o caducidad.<\/h6>\n<\/li>\n<li>\n<h6>No se considerar\u00e1 la fecha del c\u00e1lculo de responsabilidad patronal, mientras dure la emergencia sanitaria.<\/h6>\n<\/li>\n<\/ol>\n<h6><u>Contenido de la Resoluci\u00f3n:<\/u><\/h6>\n<ol>\n<li>\n<h6>El Director General del IESS, mediante resoluci\u00f3n No. IESS-DG-AL-2020-033-RFDQ, de 17 de marzo de 2020, reformada mediante resoluci\u00f3n No. IESS-DG-AL-2020-034-RFDQ, de 18 de marzo de 2020,&nbsp;<strong><u>suspendi\u00f3 los plazos y t\u00e9rminos de todos los procedimientos administrativos<\/u><\/strong>, con excepci\u00f3n de los procesos de contrataci\u00f3n p\u00fablica, de acuerdo al siguiente texto:<\/h6>\n<\/li>\n<\/ol>\n<h6>Art\u00edculo \u00danico.- (\u2026) se suspenden los plazos y t\u00e9rminos de todos los procesos, procedimientos y recursos administrativos iniciados a la presente fecha y sus correspondientes diligencias, as\u00ed como el inicio de nuevos procesos y procedimientos administrativos,&nbsp;<strong><u>desde el 17 de marzo de 2020, hasta que se levante el estado de excepci\u00f3n<\/u><\/strong>, declarado mediante Decreto Ejecutivo No. 1017, de 16 de marzo de 2020, y se restablezca la movilidad en el Estado Ecuatoriano, en todas las Direcciones, dependencias administrativas, unidades m\u00e9dicas y dem\u00e1s \u00e1reas del Instituto Ecuatoriano de Seguridad Social.<\/h6>\n<h6>(\u2026) est\u00e1n exceptuados por su naturaleza, los plazos y t\u00e9rminos de los procesos y\/o procedimientos de Contrataci\u00f3n P\u00fablica (\u2026)<\/h6>\n<ol>\n<li>\n<h6>En la Resoluci\u00f3n objeto de esta Noticia Jur\u00eddica, el Consejo Directivo del IESS, conoce y convalida las citadas resoluciones del Director General, y por tanto, ratifica la suspensi\u00f3n de los plazos y t\u00e9rminos de todos los procedimientos administrativos, desde el 17 de marzo de 2020, hasta que se levante el estado de excepci\u00f3n.<\/h6>\n<\/li>\n<li>\n<h6>El Consejo Directivo, adem\u00e1s, resolvi\u00f3 suspender los plazos de&nbsp;<strong><u>prescripci\u00f3n o caducidad<\/u><\/strong>para ejercer las acciones, peticiones o reclamos en las diferentes prestaciones que otorga el IESS.<\/h6>\n<\/li>\n<li>\n<h6>El Consejo Directivo extiende dicha suspensi\u00f3n a los t\u00e9rminos y plazos de los procesos coactivos iniciados por el IESS.<\/h6>\n<\/li>\n<li>\n<h6>Finalmente, en la Resoluci\u00f3n consta que el Consejo Directivo decidi\u00f3 no considerar el per\u00edodo en el que se encuentre vigente el Estado de Excepci\u00f3n, para la determinaci\u00f3n y c\u00e1lculo de responsabilidades patronales.<\/h6>\n<\/li>\n<\/ol>\n<h6>Recordamos a nuestros clientes que el c\u00e1lculo de la responsabilidad patronal es equivalente a una suma de dinero que el empleador debe asumir, entre otros casos, cuando se encuentra en mora y el trabajador desea acceder a una de las prestaciones cubiertas por la Seguridad Social: salud, invalidez, vejez, muerte, cesant\u00eda, desempleo o riesgos del trabajo.<\/h6>\n<h6>Es importante mencionar que, hasta la fecha,&nbsp;<strong><u>ninguna de las autoridades del IESS ha emitido una pr\u00f3rroga<\/u><\/strong>&nbsp;para el pago de los aportes, que deben ser realizados hasta el d\u00eda 15 de abril de 2020; por tanto, los empleadores que no realicen los pagos hasta la fecha indicada, entrar\u00e1n en mora, y deber\u00e1n correr con el pago intereses.<\/h6>\n<h6>Como se ha detallado en esta noticia, la resoluci\u00f3n del Consejo Directivo de 25 de marzo de 2020, \u00fanicamente se refiere al no inicio de procedimientos administrativos de cobro de dichas obligaciones y la no determinaci\u00f3n de responsabilidad patronal mientras dure el estado excepci\u00f3n.<\/h6>\n<h6><strong>Advertencia<\/strong>:&nbsp;Este bolet\u00edn, no es ni podr\u00e1 ser utilizado como asesor\u00eda u opini\u00f3n legal, puesto que su contenido es estrictamente informativo.<\/h6>","protected":false},"excerpt":{"rendered":"<p>Informamos a nuestros distinguidos clientes y amigos que el d\u00eda 25 de marzo de 2020, el&nbsp;Consejo Directivo del Instituto Ecuatoriano de Seguridad Social (IESS), resolvi\u00f3 lo siguiente: Suspender los plazos y t\u00e9rminos de todos los procedimientos administrativos, incluyendo los procedimientos coactivos del IESS. Detener el inicio de nuevos procedimientos administrativos. Suspender sus plazos de prescripci\u00f3n &hellip; <\/p>\n<p class=\"link-more\"><a href=\"https:\/\/www.dgalegal.com\/en\/noticia-juridica-no-103\/\" class=\"more-link\">Continue reading<span class=\"screen-reader-text\"> \u00abNOTICIA JUR\u00cdDICA No. 103\u00bb<\/span><\/a><\/p>","protected":false},"author":1,"featured_media":1292,"comment_status":"open","ping_status":"open","sticky":false,"template":"","format":"standard","meta":{"footnotes":""},"categories":[14],"tags":[],"class_list":["post-2518","post","type-post","status-publish","format-standard","has-post-thumbnail","hentry","category-resolucion-de-conflictos","entry"],"_links":{"self":[{"href":"https:\/\/www.dgalegal.com\/en\/wp-json\/wp\/v2\/posts\/2518","targetHints":{"allow":["GET"]}}],"collection":[{"href":"https:\/\/www.dgalegal.com\/en\/wp-json\/wp\/v2\/posts"}],"about":[{"href":"https:\/\/www.dgalegal.com\/en\/wp-json\/wp\/v2\/types\/post"}],"author":[{"embeddable":true,"href":"https:\/\/www.dgalegal.com\/en\/wp-json\/wp\/v2\/users\/1"}],"replies":[{"embeddable":true,"href":"https:\/\/www.dgalegal.com\/en\/wp-json\/wp\/v2\/comments?post=2518"}],"version-history":[{"count":1,"href":"https:\/\/www.dgalegal.com\/en\/wp-json\/wp\/v2\/posts\/2518\/revisions"}],"predecessor-version":[{"id":2801,"href":"https:\/\/www.dgalegal.com\/en\/wp-json\/wp\/v2\/posts\/2518\/revisions\/2801"}],"wp:featuredmedia":[{"embeddable":true,"href":"https:\/\/www.dgalegal.com\/en\/wp-json\/wp\/v2\/media\/1292"}],"wp:attachment":[{"href":"https:\/\/www.dgalegal.com\/en\/wp-json\/wp\/v2\/media?parent=2518"}],"wp:term":[{"taxonomy":"category","embeddable":true,"href":"https:\/\/www.dgalegal.com\/en\/wp-json\/wp\/v2\/categories?post=2518"},{"taxonomy":"post_tag","embeddable":true,"href":"https:\/\/www.dgalegal.com\/en\/wp-json\/wp\/v2\/tags?post=2518"}],"curies":[{"name":"wp","href":"https:\/\/api.w.org\/{rel}","templated":true}]}}